{"id":988782,"date":"2026-01-29T13:04:14","date_gmt":"2026-01-29T18:04:14","guid":{"rendered":"https:\/\/proyectarpais.com.co\/?p=988782"},"modified":"2026-01-29T13:11:36","modified_gmt":"2026-01-29T18:11:36","slug":"tanque-en-vidrio-fusionado-al-acero-santa-fe-de-antioquia","status":"publish","type":"post","link":"https:\/\/proyectarpais.com.co\/index.php\/2026\/01\/29\/tanque-en-vidrio-fusionado-al-acero-santa-fe-de-antioquia\/","title":{"rendered":"Tanque en Vidrio Fusionado al Acero Santa F\u00e9 de Antioquia"},"content":{"rendered":"\t\t<div data-elementor-type=\"wp-post\" data-elementor-id=\"988782\" class=\"elementor elementor-988782\" data-elementor-post-type=\"post\">\n\t\t\t\t<div class=\"elementor-element elementor-element-43b362a e-flex e-con-boxed e-con e-parent\" data-id=\"43b362a\" data-element_type=\"container\">\n\t\t\t\t\t<div class=\"e-con-inner\">\n\t\t<div class=\"elementor-element elementor-element-30d226d e-con-full e-flex e-con e-child\" data-id=\"30d226d\" data-element_type=\"container\">\n\t\t\t\t<div class=\"elementor-element elementor-element-f1441e3 elementor-widget elementor-widget-heading\" data-id=\"f1441e3\" data-element_type=\"widget\" data-widget_type=\"heading.default\">\n\t\t\t\t<div class=\"elementor-widget-container\">\n\t\t\t\t\t<h2 class=\"elementor-heading-title elementor-size-default\">Proyecto:<\/h2>\t\t\t\t<\/div>\n\t\t\t\t<\/div>\n\t\t\t\t<div class=\"elementor-element elementor-element-30e6f01 elementor-widget elementor-widget-text-editor\" data-id=\"30e6f01\" data-element_type=\"widget\" data-widget_type=\"text-editor.default\">\n\t\t\t\t<div class=\"elementor-widget-container\">\n\t\t\t\t\t\t\t\t\t<p>Construcci\u00f3n, suministro, instalaci\u00f3n y montaje de tanque de vidrio fusionado al acero de 2500 m3 expandible a 3500 m3 en el Municipio de Santa F\u00e9 de Antioquia.<\/p>\t\t\t\t\t\t\t\t<\/div>\n\t\t\t\t<\/div>\n\t\t\t\t<\/div>\n\t\t<div class=\"elementor-element elementor-element-0572d6e e-con-full e-flex e-con e-child\" data-id=\"0572d6e\" data-element_type=\"container\">\n\t\t\t\t<div class=\"elementor-element elementor-element-f561ba1 elementor-widget elementor-widget-heading\" data-id=\"f561ba1\" data-element_type=\"widget\" data-widget_type=\"heading.default\">\n\t\t\t\t<div class=\"elementor-widget-container\">\n\t\t\t\t\t<h2 class=\"elementor-heading-title elementor-size-default\">Ciudad:<\/h2>\t\t\t\t<\/div>\n\t\t\t\t<\/div>\n\t\t\t\t<div class=\"elementor-element elementor-element-69a6164 elementor-widget elementor-widget-text-editor\" data-id=\"69a6164\" data-element_type=\"widget\" data-widget_type=\"text-editor.default\">\n\t\t\t\t<div class=\"elementor-widget-container\">\n\t\t\t\t\t\t\t\t\t<p>Santa F\u00e9 de Antioquia<\/p>\t\t\t\t\t\t\t\t<\/div>\n\t\t\t\t<\/div>\n\t\t\t\t<\/div>\n\t\t\t\t\t<\/div>\n\t\t\t\t<\/div>\n\t\t<div class=\"elementor-element elementor-element-fd10163 e-flex e-con-boxed e-con e-parent\" data-id=\"fd10163\" data-element_type=\"container\">\n\t\t\t\t\t<div class=\"e-con-inner\">\n\t\t<div class=\"elementor-element elementor-element-a8a22ab e-con-full e-flex e-con e-child\" data-id=\"a8a22ab\" data-element_type=\"container\">\n\t\t\t\t<div class=\"elementor-element elementor-element-6cbf987 elementor-widget elementor-widget-heading\" data-id=\"6cbf987\" data-element_type=\"widget\" data-widget_type=\"heading.default\">\n\t\t\t\t<div class=\"elementor-widget-container\">\n\t\t\t\t\t<h2 class=\"elementor-heading-title elementor-size-default\">Cliente:<\/h2>\t\t\t\t<\/div>\n\t\t\t\t<\/div>\n\t\t\t\t<div class=\"elementor-element elementor-element-f2e52a6 elementor-widget elementor-widget-text-editor\" data-id=\"f2e52a6\" data-element_type=\"widget\" data-widget_type=\"text-editor.default\">\n\t\t\t\t<div class=\"elementor-widget-container\">\n\t\t\t\t\t\t\t\t\t<p>Municipio Santa F\u00e9 de Antioquia<\/p>\t\t\t\t\t\t\t\t<\/div>\n\t\t\t\t<\/div>\n\t\t\t\t<\/div>\n\t\t<div class=\"elementor-element elementor-element-1c9d09e e-con-full e-flex e-con e-child\" data-id=\"1c9d09e\" data-element_type=\"container\">\n\t\t\t\t<div class=\"elementor-element elementor-element-f6fec23 elementor-widget elementor-widget-heading\" data-id=\"f6fec23\" data-element_type=\"widget\" data-widget_type=\"heading.default\">\n\t\t\t\t<div class=\"elementor-widget-container\">\n\t\t\t\t\t<h2 class=\"elementor-heading-title elementor-size-default\">Culminaci\u00f3n:<\/h2>\t\t\t\t<\/div>\n\t\t\t\t<\/div>\n\t\t\t\t<div class=\"elementor-element elementor-element-e3ca2a0 elementor-widget elementor-widget-text-editor\" data-id=\"e3ca2a0\" data-element_type=\"widget\" data-widget_type=\"text-editor.default\">\n\t\t\t\t<div class=\"elementor-widget-container\">\n\t\t\t\t\t\t\t\t\t<p>Terminado en el a\u00f1o 2025<\/p>\t\t\t\t\t\t\t\t<\/div>\n\t\t\t\t<\/div>\n\t\t\t\t<\/div>\n\t\t\t\t\t<\/div>\n\t\t\t\t<\/div>\n\t\t<div class=\"elementor-element elementor-element-ef276fb e-flex e-con-boxed e-con e-parent\" data-id=\"ef276fb\" data-element_type=\"container\">\n\t\t\t\t\t<div class=\"e-con-inner\">\n\t\t\t\t<div class=\"elementor-element elementor-element-646e134 gallery-spacing-custom elementor-widget elementor-widget-image-gallery\" data-id=\"646e134\" data-element_type=\"widget\" data-widget_type=\"image-gallery.default\">\n\t\t\t\t<div class=\"elementor-widget-container\">\n\t\t\t\t\t\t\t<div class=\"elementor-image-gallery\">\n\t\t\t<div id='gallery-1' class='gallery galleryid-9209 gallery-columns-3 gallery-size-medium'><figure class='gallery-item'>\n\t\t\t<div class='gallery-icon landscape'>\n\t\t\t\t<a data-elementor-open-lightbox=\"yes\" data-elementor-lightbox-slideshow=\"646e134\" data-elementor-lightbox-title=\"_Tanque_vidrio_fusionado_santaf\u00e9_antioquia_\" data-e-action-hash=\"#elementor-action%3Aaction%3Dlightbox%26settings%3DeyJpZCI6OTg4Nzg3LCJ1cmwiOiJodHRwczpcL1wvcHJveWVjdGFycGFpcy5jb20uY29cL3dwLWNvbnRlbnRcL3VwbG9hZHNcLzIwMjZcLzAxXC9UYW5xdWVfdmlkcmlvX2Z1c2lvbmFkb19zYW50YWZlX2FudGlvcXVpYV8uanBnIiwic2xpZGVzaG93IjoiNjQ2ZTEzNCJ9\" href='https:\/\/proyectarpais.com.co\/wp-content\/uploads\/2026\/01\/Tanque_vidrio_fusionado_santafe_antioquia_.jpg'><img fetchpriority=\"high\" decoding=\"async\" width=\"300\" height=\"239\" src=\"https:\/\/proyectarpais.com.co\/wp-content\/uploads\/2026\/01\/Tanque_vidrio_fusionado_santafe_antioquia_-300x239.jpg\" class=\"attachment-medium size-medium\" alt=\"Tanque de vidrio fusionado al Acero en Colombia\" srcset=\"https:\/\/proyectarpais.com.co\/wp-content\/uploads\/2026\/01\/Tanque_vidrio_fusionado_santafe_antioquia_-300x239.jpg 300w, https:\/\/proyectarpais.com.co\/wp-content\/uploads\/2026\/01\/Tanque_vidrio_fusionado_santafe_antioquia_-768x612.jpg 768w, https:\/\/proyectarpais.com.co\/wp-content\/uploads\/2026\/01\/Tanque_vidrio_fusionado_santafe_antioquia_.jpg 1000w\" sizes=\"(max-width: 300px) 100vw, 300px\" \/><\/a>\n\t\t\t<\/div><\/figure><figure class='gallery-item'>\n\t\t\t<div class='gallery-icon landscape'>\n\t\t\t\t<a data-elementor-open-lightbox=\"yes\" data-elementor-lightbox-slideshow=\"646e134\" data-elementor-lightbox-title=\"Tanque - vidrio-fusionado-santaf\u00e9 - antioquia - -\" data-e-action-hash=\"#elementor-action%3Aaction%3Dlightbox%26settings%3DeyJpZCI6OTg4Nzg4LCJ1cmwiOiJodHRwczpcL1wvcHJveWVjdGFycGFpcy5jb20uY29cL3dwLWNvbnRlbnRcL3VwbG9hZHNcLzIwMjZcLzAxXC9UYW5xdWUtdmlkcmlvLWZ1c2lvbmFkby1zYW50YWZlLWFudGlvcXVpYS0uanBnIiwic2xpZGVzaG93IjoiNjQ2ZTEzNCJ9\" href='https:\/\/proyectarpais.com.co\/wp-content\/uploads\/2026\/01\/Tanque-vidrio-fusionado-santafe-antioquia-.jpg'><img decoding=\"async\" width=\"300\" height=\"239\" src=\"https:\/\/proyectarpais.com.co\/wp-content\/uploads\/2026\/01\/Tanque-vidrio-fusionado-santafe-antioquia--300x239.jpg\" class=\"attachment-medium size-medium\" alt=\"Tanque de vidrio fusionado al Acero en Colombia\" srcset=\"https:\/\/proyectarpais.com.co\/wp-content\/uploads\/2026\/01\/Tanque-vidrio-fusionado-santafe-antioquia--300x239.jpg 300w, https:\/\/proyectarpais.com.co\/wp-content\/uploads\/2026\/01\/Tanque-vidrio-fusionado-santafe-antioquia--768x612.jpg 768w, https:\/\/proyectarpais.com.co\/wp-content\/uploads\/2026\/01\/Tanque-vidrio-fusionado-santafe-antioquia-.jpg 1000w\" sizes=\"(max-width: 300px) 100vw, 300px\" \/><\/a>\n\t\t\t<\/div><\/figure><figure class='gallery-item'>\n\t\t\t<div class='gallery-icon landscape'>\n\t\t\t\t<a data-elementor-open-lightbox=\"yes\" data-elementor-lightbox-slideshow=\"646e134\" data-elementor-lightbox-title=\"Tanque-vidrio - fusionado-santaf\u00e9 - antioquia - -\" data-e-action-hash=\"#elementor-action%3Aaction%3Dlightbox%26settings%3DeyJpZCI6OTg4Nzg5LCJ1cmwiOiJodHRwczpcL1wvcHJveWVjdGFycGFpcy5jb20uY29cL3dwLWNvbnRlbnRcL3VwbG9hZHNcLzIwMjZcLzAxXC9UYW5xdWUtdmlkcmlvLWZ1c2lvbmFkby1zYW50YWZlLWFudGlvcXVpYS0xLTEuanBnIiwic2xpZGVzaG93IjoiNjQ2ZTEzNCJ9\" href='https:\/\/proyectarpais.com.co\/wp-content\/uploads\/2026\/01\/Tanque-vidrio-fusionado-santafe-antioquia-1-1.jpg'><img decoding=\"async\" width=\"300\" height=\"239\" src=\"https:\/\/proyectarpais.com.co\/wp-content\/uploads\/2026\/01\/Tanque-vidrio-fusionado-santafe-antioquia-1-1-300x239.jpg\" class=\"attachment-medium size-medium\" alt=\"Tanque de vidrio fusionado al Acero en Colombia\" srcset=\"https:\/\/proyectarpais.com.co\/wp-content\/uploads\/2026\/01\/Tanque-vidrio-fusionado-santafe-antioquia-1-1-300x239.jpg 300w, https:\/\/proyectarpais.com.co\/wp-content\/uploads\/2026\/01\/Tanque-vidrio-fusionado-santafe-antioquia-1-1-768x612.jpg 768w, https:\/\/proyectarpais.com.co\/wp-content\/uploads\/2026\/01\/Tanque-vidrio-fusionado-santafe-antioquia-1-1.jpg 1000w\" sizes=\"(max-width: 300px) 100vw, 300px\" \/><\/a>\n\t\t\t<\/div><\/figure><figure class='gallery-item'>\n\t\t\t<div class='gallery-icon landscape'>\n\t\t\t\t<a data-elementor-open-lightbox=\"yes\" data-elementor-lightbox-slideshow=\"646e134\" data-elementor-lightbox-title=\"Tanque-vidrio-fusionado - santaf\u00e9 - antioquia - -\" data-e-action-hash=\"#elementor-action%3Aaction%3Dlightbox%26settings%3DeyJpZCI6OTg4NzkwLCJ1cmwiOiJodHRwczpcL1wvcHJveWVjdGFycGFpcy5jb20uY29cL3dwLWNvbnRlbnRcL3VwbG9hZHNcLzIwMjZcLzAxXC9UYW5xdWUtdmlkcmlvLWZ1c2lvbmFkby1zYW50YWZlLWFudGlvcXVpYS0xLTIuanBnIiwic2xpZGVzaG93IjoiNjQ2ZTEzNCJ9\" href='https:\/\/proyectarpais.com.co\/wp-content\/uploads\/2026\/01\/Tanque-vidrio-fusionado-santafe-antioquia-1-2.jpg'><img loading=\"lazy\" decoding=\"async\" width=\"300\" height=\"239\" src=\"https:\/\/proyectarpais.com.co\/wp-content\/uploads\/2026\/01\/Tanque-vidrio-fusionado-santafe-antioquia-1-2-300x239.jpg\" class=\"attachment-medium size-medium\" alt=\"Tanque de vidrio fusionado al Acero en Colombia\" srcset=\"https:\/\/proyectarpais.com.co\/wp-content\/uploads\/2026\/01\/Tanque-vidrio-fusionado-santafe-antioquia-1-2-300x239.jpg 300w, https:\/\/proyectarpais.com.co\/wp-content\/uploads\/2026\/01\/Tanque-vidrio-fusionado-santafe-antioquia-1-2-768x612.jpg 768w, https:\/\/proyectarpais.com.co\/wp-content\/uploads\/2026\/01\/Tanque-vidrio-fusionado-santafe-antioquia-1-2.jpg 1000w\" sizes=\"(max-width: 300px) 100vw, 300px\" \/><\/a>\n\t\t\t<\/div><\/figure><figure class='gallery-item'>\n\t\t\t<div class='gallery-icon landscape'>\n\t\t\t\t<a data-elementor-open-lightbox=\"yes\" data-elementor-lightbox-slideshow=\"646e134\" data-elementor-lightbox-title=\"Tanque-vidrio-fusionado-santaf\u00e9 - antioquia - -\" data-e-action-hash=\"#elementor-action%3Aaction%3Dlightbox%26settings%3DeyJpZCI6OTg4NzkxLCJ1cmwiOiJodHRwczpcL1wvcHJveWVjdGFycGFpcy5jb20uY29cL3dwLWNvbnRlbnRcL3VwbG9hZHNcLzIwMjZcLzAxXC9UYW5xdWUtdmlkcmlvLWZ1c2lvbmFkby1zYW50YWZlLWFudGlvcXVpYS0xLTMuanBnIiwic2xpZGVzaG93IjoiNjQ2ZTEzNCJ9\" href='https:\/\/proyectarpais.com.co\/wp-content\/uploads\/2026\/01\/Tanque-vidrio-fusionado-santafe-antioquia-1-3.jpg'><img loading=\"lazy\" decoding=\"async\" width=\"300\" height=\"239\" src=\"https:\/\/proyectarpais.com.co\/wp-content\/uploads\/2026\/01\/Tanque-vidrio-fusionado-santafe-antioquia-1-3-300x239.jpg\" class=\"attachment-medium size-medium\" alt=\"Tanque de vidrio fusionado al Acero en Colombia\" srcset=\"https:\/\/proyectarpais.com.co\/wp-content\/uploads\/2026\/01\/Tanque-vidrio-fusionado-santafe-antioquia-1-3-300x239.jpg 300w, https:\/\/proyectarpais.com.co\/wp-content\/uploads\/2026\/01\/Tanque-vidrio-fusionado-santafe-antioquia-1-3-768x612.jpg 768w, https:\/\/proyectarpais.com.co\/wp-content\/uploads\/2026\/01\/Tanque-vidrio-fusionado-santafe-antioquia-1-3.jpg 1000w\" sizes=\"(max-width: 300px) 100vw, 300px\" \/><\/a>\n\t\t\t<\/div><\/figure><figure class='gallery-item'>\n\t\t\t<div class='gallery-icon landscape'>\n\t\t\t\t<a data-elementor-open-lightbox=\"yes\" data-elementor-lightbox-slideshow=\"646e134\" data-elementor-lightbox-title=\"Tanque-vidrio-fusionado-santaf\u00e9-antioquia - -\" data-e-action-hash=\"#elementor-action%3Aaction%3Dlightbox%26settings%3DeyJpZCI6OTg4NzkyLCJ1cmwiOiJodHRwczpcL1wvcHJveWVjdGFycGFpcy5jb20uY29cL3dwLWNvbnRlbnRcL3VwbG9hZHNcLzIwMjZcLzAxXC9UYW5xdWUtdmlkcmlvLWZ1c2lvbmFkby1zYW50YWZlLWFudGlvcXVpYS0xLTQuanBnIiwic2xpZGVzaG93IjoiNjQ2ZTEzNCJ9\" href='https:\/\/proyectarpais.com.co\/wp-content\/uploads\/2026\/01\/Tanque-vidrio-fusionado-santafe-antioquia-1-4.jpg'><img loading=\"lazy\" decoding=\"async\" width=\"300\" height=\"239\" src=\"https:\/\/proyectarpais.com.co\/wp-content\/uploads\/2026\/01\/Tanque-vidrio-fusionado-santafe-antioquia-1-4-300x239.jpg\" class=\"attachment-medium size-medium\" alt=\"Tanque de vidrio fusionado al Acero en Colombia\" srcset=\"https:\/\/proyectarpais.com.co\/wp-content\/uploads\/2026\/01\/Tanque-vidrio-fusionado-santafe-antioquia-1-4-300x239.jpg 300w, https:\/\/proyectarpais.com.co\/wp-content\/uploads\/2026\/01\/Tanque-vidrio-fusionado-santafe-antioquia-1-4-768x612.jpg 768w, https:\/\/proyectarpais.com.co\/wp-content\/uploads\/2026\/01\/Tanque-vidrio-fusionado-santafe-antioquia-1-4.jpg 1000w\" sizes=\"(max-width: 300px) 100vw, 300px\" \/><\/a>\n\t\t\t<\/div><\/figure><figure class='gallery-item'>\n\t\t\t<div class='gallery-icon landscape'>\n\t\t\t\t<a data-elementor-open-lightbox=\"yes\" data-elementor-lightbox-slideshow=\"646e134\" data-elementor-lightbox-title=\"Tanque-vidrio-fusionado-santaf\u00e9-antioquia\" data-e-action-hash=\"#elementor-action%3Aaction%3Dlightbox%26settings%3DeyJpZCI6OTg4NzkzLCJ1cmwiOiJodHRwczpcL1wvcHJveWVjdGFycGFpcy5jb20uY29cL3dwLWNvbnRlbnRcL3VwbG9hZHNcLzIwMjZcLzAxXC9UYW5xdWUtdmlkcmlvLWZ1c2lvbmFkby1zYW50YWZlLWFudGlvcXVpYS5qcGciLCJzbGlkZXNob3ciOiI2NDZlMTM0In0%3D\" href='https:\/\/proyectarpais.com.co\/wp-content\/uploads\/2026\/01\/Tanque-vidrio-fusionado-santafe-antioquia.jpg'><img loading=\"lazy\" decoding=\"async\" width=\"300\" height=\"239\" src=\"https:\/\/proyectarpais.com.co\/wp-content\/uploads\/2026\/01\/Tanque-vidrio-fusionado-santafe-antioquia-300x239.jpg\" class=\"attachment-medium size-medium\" alt=\"Tanque de vidrio fusionado al Acero en Colombia\" srcset=\"https:\/\/proyectarpais.com.co\/wp-content\/uploads\/2026\/01\/Tanque-vidrio-fusionado-santafe-antioquia-300x239.jpg 300w, https:\/\/proyectarpais.com.co\/wp-content\/uploads\/2026\/01\/Tanque-vidrio-fusionado-santafe-antioquia-768x612.jpg 768w, https:\/\/proyectarpais.com.co\/wp-content\/uploads\/2026\/01\/Tanque-vidrio-fusionado-santafe-antioquia.jpg 1000w\" sizes=\"(max-width: 300px) 100vw, 300px\" \/><\/a>\n\t\t\t<\/div><\/figure><figure class='gallery-item'>\n\t\t\t<div class='gallery-icon landscape'>\n\t\t\t\t<a data-elementor-open-lightbox=\"yes\" data-elementor-lightbox-slideshow=\"646e134\" data-elementor-lightbox-title=\"Tanque-vidrio-fusionado-santaf\u00e9-antioquia-\" data-e-action-hash=\"#elementor-action%3Aaction%3Dlightbox%26settings%3DeyJpZCI6OTg4Nzk0LCJ1cmwiOiJodHRwczpcL1wvcHJveWVjdGFycGFpcy5jb20uY29cL3dwLWNvbnRlbnRcL3VwbG9hZHNcLzIwMjZcLzAxXC9UYW5xdWUtdmlkcmlvLWZ1c2lvbmFkby1zYW50YWZlLWFudGlvcXVpYS0xLTUuanBnIiwic2xpZGVzaG93IjoiNjQ2ZTEzNCJ9\" href='https:\/\/proyectarpais.com.co\/wp-content\/uploads\/2026\/01\/Tanque-vidrio-fusionado-santafe-antioquia-1-5.jpg'><img loading=\"lazy\" decoding=\"async\" width=\"300\" height=\"239\" src=\"https:\/\/proyectarpais.com.co\/wp-content\/uploads\/2026\/01\/Tanque-vidrio-fusionado-santafe-antioquia-1-5-300x239.jpg\" class=\"attachment-medium size-medium\" alt=\"Tanque de vidrio fusionado al Acero en Colombia\" srcset=\"https:\/\/proyectarpais.com.co\/wp-content\/uploads\/2026\/01\/Tanque-vidrio-fusionado-santafe-antioquia-1-5-300x239.jpg 300w, https:\/\/proyectarpais.com.co\/wp-content\/uploads\/2026\/01\/Tanque-vidrio-fusionado-santafe-antioquia-1-5-768x612.jpg 768w, https:\/\/proyectarpais.com.co\/wp-content\/uploads\/2026\/01\/Tanque-vidrio-fusionado-santafe-antioquia-1-5.jpg 1000w\" sizes=\"(max-width: 300px) 100vw, 300px\" \/><\/a>\n\t\t\t<\/div><\/figure>\n\t\t<\/div>\n\t\t<\/div>\n\t\t\t\t\t\t<\/div>\n\t\t\t\t<\/div>\n\t\t\t\t\t<\/div>\n\t\t\t\t<\/div>\n\t\t\t\t<\/div>\n\t\t","protected":false},"excerpt":{"rendered":"<p>Construcci\u00f3n, suministro, instalaci\u00f3n y montaje de tanque de vidrio fusionado al acero de 2500 m3 expandible a 3500 m3 en el Municipio de Santa F\u00e9 de Antioquia.<\/p>\n","protected":false},"author":1,"featured_media":988787,"comment_status":"open","ping_status":"open","sticky":false,"template":"","format":"standard","meta":{"footnotes":""},"categories":[50,49],"tags":[54],"class_list":["post-988782","post","type-post","status-publish","format-standard","has-post-thumbnail","hentry","category-casos-de-exito","category-proyectos-que-benefician","tag-vfa"],"aioseo_notices":[],"_links":{"self":[{"href":"https:\/\/proyectarpais.com.co\/index.php\/wp-json\/wp\/v2\/posts\/988782","targetHints":{"allow":["GET"]}}],"collection":[{"href":"https:\/\/proyectarpais.com.co\/index.php\/wp-json\/wp\/v2\/posts"}],"about":[{"href":"https:\/\/proyectarpais.com.co\/index.php\/wp-json\/wp\/v2\/types\/post"}],"author":[{"embeddable":true,"href":"https:\/\/proyectarpais.com.co\/index.php\/wp-json\/wp\/v2\/users\/1"}],"replies":[{"embeddable":true,"href":"https:\/\/proyectarpais.com.co\/index.php\/wp-json\/wp\/v2\/comments?post=988782"}],"version-history":[{"count":7,"href":"https:\/\/proyectarpais.com.co\/index.php\/wp-json\/wp\/v2\/posts\/988782\/revisions"}],"predecessor-version":[{"id":988800,"href":"https:\/\/proyectarpais.com.co\/index.php\/wp-json\/wp\/v2\/posts\/988782\/revisions\/988800"}],"wp:featuredmedia":[{"embeddable":true,"href":"https:\/\/proyectarpais.com.co\/index.php\/wp-json\/wp\/v2\/media\/988787"}],"wp:attachment":[{"href":"https:\/\/proyectarpais.com.co\/index.php\/wp-json\/wp\/v2\/media?parent=988782"}],"wp:term":[{"taxonomy":"category","embeddable":true,"href":"https:\/\/proyectarpais.com.co\/index.php\/wp-json\/wp\/v2\/categories?post=988782"},{"taxonomy":"post_tag","embeddable":true,"href":"https:\/\/proyectarpais.com.co\/index.php\/wp-json\/wp\/v2\/tags?post=988782"}],"curies":[{"name":"wp","href":"https:\/\/api.w.org\/{rel}","templated":true}]}}